{"id":5268,"date":"2025-04-17T02:39:55","date_gmt":"2025-04-17T02:39:55","guid":{"rendered":"http:\/\/larena77.fr\/?p=5268"},"modified":"2025-04-17T02:39:58","modified_gmt":"2025-04-17T02:39:58","slug":"tel-le-phenix-le-grand-memorial-renaitra-t-il-de-ses-cendres","status":"publish","type":"post","link":"https:\/\/larena77.fr\/?p=5268","title":{"rendered":"Tel le ph\u00e9nix, le Grand M\u00e9morial rena\u00eetra-t-il de ses cendres\u00a0?"},"content":{"rendered":"\n\n\n<p><a href=\"https:\/\/www.rfgenealogie.com\/infos\/tel-le-phenix-le-grand-memorial-renaitra-t-il-de-ses-cendres\" target=\"_blank\" rel=\"noopener\"><img decoding=\"async\" class=\"aligncenter\" src=\"https:\/\/www.rfgenealogie.com\/sites\/rfg\/files\/styles\/media_visuel_contenu\/public\/medias\/infos\/grand-memorial-2025.jpg?itok=UFWHf2cV\" \/><\/a><\/p>\n","protected":false},"excerpt":{"rendered":"","protected":false},"author":4,"featured_media":0,"comment_status":"closed","ping_status":"closed","sticky":false,"template":"","format":"standard","meta":{"_bbp_topic_count":0,"_bbp_reply_count":0,"_bbp_total_topic_count":0,"_bbp_total_reply_count":0,"_bbp_voice_count":0,"_bbp_anonymous_reply_count":0,"_bbp_topic_count_hidden":0,"_bbp_reply_count_hidden":0,"_bbp_forum_subforum_count":0},"categories":[29,16,25],"tags":[],"_links":{"self":[{"href":"https:\/\/larena77.fr\/index.php?rest_route=\/wp\/v2\/posts\/5268"}],"collection":[{"href":"https:\/\/larena77.fr\/index.php?rest_route=\/wp\/v2\/posts"}],"about":[{"href":"https:\/\/larena77.fr\/index.php?rest_route=\/wp\/v2\/types\/post"}],"author":[{"embeddable":true,"href":"https:\/\/larena77.fr\/index.php?rest_route=\/wp\/v2\/users\/4"}],"replies":[{"embeddable":true,"href":"https:\/\/larena77.fr\/index.php?rest_route=%2Fwp%2Fv2%2Fcomments&post=5268"}],"version-history":[{"count":1,"href":"https:\/\/larena77.fr\/index.php?rest_route=\/wp\/v2\/posts\/5268\/revisions"}],"predecessor-version":[{"id":5269,"href":"https:\/\/larena77.fr\/index.php?rest_route=\/wp\/v2\/posts\/5268\/revisions\/5269"}],"wp:attachment":[{"href":"https:\/\/larena77.fr\/index.php?rest_route=%2Fwp%2Fv2%2Fmedia&parent=5268"}],"wp:term":[{"taxonomy":"category","embeddable":true,"href":"https:\/\/larena77.fr\/index.php?rest_route=%2Fwp%2Fv2%2Fcategories&post=5268"},{"taxonomy":"post_tag","embeddable":true,"href":"https:\/\/larena77.fr\/index.php?rest_route=%2Fwp%2Fv2%2Ftags&post=5268"}],"curies":[{"name":"wp","href":"https:\/\/api.w.org\/{rel}","templated":true}]}}