{"id":4918,"date":"2024-06-17T16:03:40","date_gmt":"2024-06-17T16:03:40","guid":{"rendered":"http:\/\/larena77.fr\/?p=4918"},"modified":"2024-06-17T16:03:44","modified_gmt":"2024-06-17T16:03:44","slug":"vendee-les-archives-departementales-mettent-en-ligne-30-000-biographies-de-victimes-de-la-guerre-de-vendee","status":"publish","type":"post","link":"https:\/\/larena77.fr\/?p=4918","title":{"rendered":"Vend\u00e9e : Les Archives d\u00e9partementales mettent en ligne 30 000 biographies de victimes de la guerre de Vend\u00e9e"},"content":{"rendered":"\n<p><a href=\"https:\/\/actu.fr\/pays-de-la-loire\/la-roche-sur-yon_85191\/les-archives-departementales-mettent-en-lignes-30-000-biographies-de-victimes-de-la-guerre-de-vendee_61215393.html\" target=\"_blank\" rel=\"noopener\"><img decoding=\"async\" class=\"aligncenter\" src=\"https:\/\/static.actu.fr\/uploads\/2024\/06\/88d05b8fa96667cd05b8fa96640e05v-960x640.jpg\" alt=\"guerres de Vend\u00e9e\" \/><\/a><\/p>\n","protected":false},"excerpt":{"rendered":"","protected":false},"author":4,"featured_media":0,"comment_status":"closed","ping_status":"closed","sticky":false,"template":"","format":"standard","meta":{"_bbp_topic_count":0,"_bbp_reply_count":0,"_bbp_total_topic_count":0,"_bbp_total_reply_count":0,"_bbp_voice_count":0,"_bbp_anonymous_reply_count":0,"_bbp_topic_count_hidden":0,"_bbp_reply_count_hidden":0,"_bbp_forum_subforum_count":0},"categories":[14,16],"tags":[],"_links":{"self":[{"href":"https:\/\/larena77.fr\/index.php?rest_route=\/wp\/v2\/posts\/4918"}],"collection":[{"href":"https:\/\/larena77.fr\/index.php?rest_route=\/wp\/v2\/posts"}],"about":[{"href":"https:\/\/larena77.fr\/index.php?rest_route=\/wp\/v2\/types\/post"}],"author":[{"embeddable":true,"href":"https:\/\/larena77.fr\/index.php?rest_route=\/wp\/v2\/users\/4"}],"replies":[{"embeddable":true,"href":"https:\/\/larena77.fr\/index.php?rest_route=%2Fwp%2Fv2%2Fcomments&post=4918"}],"version-history":[{"count":1,"href":"https:\/\/larena77.fr\/index.php?rest_route=\/wp\/v2\/posts\/4918\/revisions"}],"predecessor-version":[{"id":4919,"href":"https:\/\/larena77.fr\/index.php?rest_route=\/wp\/v2\/posts\/4918\/revisions\/4919"}],"wp:attachment":[{"href":"https:\/\/larena77.fr\/index.php?rest_route=%2Fwp%2Fv2%2Fmedia&parent=4918"}],"wp:term":[{"taxonomy":"category","embeddable":true,"href":"https:\/\/larena77.fr\/index.php?rest_route=%2Fwp%2Fv2%2Fcategories&post=4918"},{"taxonomy":"post_tag","embeddable":true,"href":"https:\/\/larena77.fr\/index.php?rest_route=%2Fwp%2Fv2%2Ftags&post=4918"}],"curies":[{"name":"wp","href":"https:\/\/api.w.org\/{rel}","templated":true}]}}