{"id":4840,"date":"2024-04-26T05:20:54","date_gmt":"2024-04-26T05:20:54","guid":{"rendered":"http:\/\/larena77.fr\/?p=4840"},"modified":"2024-04-26T05:20:59","modified_gmt":"2024-04-26T05:20:59","slug":"la-ville-de-quebec-sort-ses-tresors-pour-celebrer-100-ans-darchives","status":"publish","type":"post","link":"https:\/\/larena77.fr\/?p=4840","title":{"rendered":"La Ville de Qu\u00e9bec sort ses tr\u00e9sors pour c\u00e9l\u00e9brer 100 ans d\u2019archives"},"content":{"rendered":"\n<p><a href=\"https:\/\/ici.radio-canada.ca\/nouvelle\/2067213\/100-ans-archives-ville-quebec-programmation\" target=\"_blank\" rel=\"noopener\"><img decoding=\"async\" class=\"aligncenter\" src=\"https:\/\/images.radio-canada.ca\/q_auto,w_1200\/v1\/ici-info\/transit\/4x3\/archives-ville-de-quebec-85037.jpg\" alt=\"dsc00103\" \/><\/a><\/p>\n","protected":false},"excerpt":{"rendered":"","protected":false},"author":4,"featured_media":0,"comment_status":"closed","ping_status":"closed","sticky":false,"template":"","format":"standard","meta":{"_bbp_topic_count":0,"_bbp_reply_count":0,"_bbp_total_topic_count":0,"_bbp_total_reply_count":0,"_bbp_voice_count":0,"_bbp_anonymous_reply_count":0,"_bbp_topic_count_hidden":0,"_bbp_reply_count_hidden":0,"_bbp_forum_subforum_count":0},"categories":[1],"tags":[],"_links":{"self":[{"href":"https:\/\/larena77.fr\/index.php?rest_route=\/wp\/v2\/posts\/4840"}],"collection":[{"href":"https:\/\/larena77.fr\/index.php?rest_route=\/wp\/v2\/posts"}],"about":[{"href":"https:\/\/larena77.fr\/index.php?rest_route=\/wp\/v2\/types\/post"}],"author":[{"embeddable":true,"href":"https:\/\/larena77.fr\/index.php?rest_route=\/wp\/v2\/users\/4"}],"replies":[{"embeddable":true,"href":"https:\/\/larena77.fr\/index.php?rest_route=%2Fwp%2Fv2%2Fcomments&post=4840"}],"version-history":[{"count":1,"href":"https:\/\/larena77.fr\/index.php?rest_route=\/wp\/v2\/posts\/4840\/revisions"}],"predecessor-version":[{"id":4841,"href":"https:\/\/larena77.fr\/index.php?rest_route=\/wp\/v2\/posts\/4840\/revisions\/4841"}],"wp:attachment":[{"href":"https:\/\/larena77.fr\/index.php?rest_route=%2Fwp%2Fv2%2Fmedia&parent=4840"}],"wp:term":[{"taxonomy":"category","embeddable":true,"href":"https:\/\/larena77.fr\/index.php?rest_route=%2Fwp%2Fv2%2Fcategories&post=4840"},{"taxonomy":"post_tag","embeddable":true,"href":"https:\/\/larena77.fr\/index.php?rest_route=%2Fwp%2Fv2%2Ftags&post=4840"}],"curies":[{"name":"wp","href":"https:\/\/api.w.org\/{rel}","templated":true}]}}