{"id":4626,"date":"2023-03-23T02:55:13","date_gmt":"2023-03-23T02:55:13","guid":{"rendered":"http:\/\/larena77.fr\/?p=4626"},"modified":"2023-03-23T02:55:17","modified_gmt":"2023-03-23T02:55:17","slug":"apres-plus-de-deux-ans-de-travaux-les-archives-departementales-des-cotes-darmor-rouvrent-au-public","status":"publish","type":"post","link":"https:\/\/larena77.fr\/?p=4626","title":{"rendered":"Apr\u00e8s plus de deux ans de travaux, les Archives d\u00e9partementales des C\u00f4tes-d&rsquo;Armor rouvrent au public"},"content":{"rendered":"\n<p><a href=\"https:\/\/www.culture.gouv.fr\/Regions\/Drac-Bretagne\/Une-exposition-sur-les-forets-marque-la-reouverture-des-Archives-departementales-des-Cotes-d-Armor\" target=\"_blank\" rel=\"noopener\"><img decoding=\"async\" class=\"aligncenter\" src=\"https:\/\/www.culture.gouv.fr\/var\/culture\/storage\/images\/_aliases\/Grande\/9\/3\/0\/5\/5625039-1-fre-FR\/13f9bdfe3ca0-AC_SalleLecture_2023.jpg\" alt=\"AC_SalleLecture_2023.jpg\" \/><\/a><\/p>\n","protected":false},"excerpt":{"rendered":"","protected":false},"author":4,"featured_media":0,"comment_status":"closed","ping_status":"closed","sticky":false,"template":"","format":"standard","meta":{"_bbp_topic_count":0,"_bbp_reply_count":0,"_bbp_total_topic_count":0,"_bbp_total_reply_count":0,"_bbp_voice_count":0,"_bbp_anonymous_reply_count":0,"_bbp_topic_count_hidden":0,"_bbp_reply_count_hidden":0,"_bbp_forum_subforum_count":0},"categories":[14],"tags":[],"_links":{"self":[{"href":"https:\/\/larena77.fr\/index.php?rest_route=\/wp\/v2\/posts\/4626"}],"collection":[{"href":"https:\/\/larena77.fr\/index.php?rest_route=\/wp\/v2\/posts"}],"about":[{"href":"https:\/\/larena77.fr\/index.php?rest_route=\/wp\/v2\/types\/post"}],"author":[{"embeddable":true,"href":"https:\/\/larena77.fr\/index.php?rest_route=\/wp\/v2\/users\/4"}],"replies":[{"embeddable":true,"href":"https:\/\/larena77.fr\/index.php?rest_route=%2Fwp%2Fv2%2Fcomments&post=4626"}],"version-history":[{"count":1,"href":"https:\/\/larena77.fr\/index.php?rest_route=\/wp\/v2\/posts\/4626\/revisions"}],"predecessor-version":[{"id":4627,"href":"https:\/\/larena77.fr\/index.php?rest_route=\/wp\/v2\/posts\/4626\/revisions\/4627"}],"wp:attachment":[{"href":"https:\/\/larena77.fr\/index.php?rest_route=%2Fwp%2Fv2%2Fmedia&parent=4626"}],"wp:term":[{"taxonomy":"category","embeddable":true,"href":"https:\/\/larena77.fr\/index.php?rest_route=%2Fwp%2Fv2%2Fcategories&post=4626"},{"taxonomy":"post_tag","embeddable":true,"href":"https:\/\/larena77.fr\/index.php?rest_route=%2Fwp%2Fv2%2Ftags&post=4626"}],"curies":[{"name":"wp","href":"https:\/\/api.w.org\/{rel}","templated":true}]}}