{"id":3809,"date":"2021-03-10T20:08:33","date_gmt":"2021-03-10T20:08:33","guid":{"rendered":"http:\/\/larena77.fr\/?p=3809"},"modified":"2021-03-10T20:08:38","modified_gmt":"2021-03-10T20:08:38","slug":"incendie-de-lentreprise-ovh-a-strasbourg-le-site-internet-des-archives-departementales-du-finistere-inaccessible","status":"publish","type":"post","link":"https:\/\/larena77.fr\/?p=3809","title":{"rendered":"Incendie de l\u2019entreprise OVH \u00e0 Strasbourg : le site internet des Archives d\u00e9partementales du Finist\u00e8re inaccessible"},"content":{"rendered":"\n<p><a href=\"https:\/\/www.ouest-france.fr\/bretagne\/finistere\/incendie-a-strasbourg-des-sites-internet-du-finistere-inaccessibles-7181966\" target=\"_blank\" rel=\"noopener noreferrer\"><img decoding=\"async\" src=\"https:\/\/media.ouest-france.fr\/v1\/pictures\/MjAyMTAzNGQzMjllNjFkOTliNzYzZTczMDU0ZDI3ZTJhNWY1NGY?width=1260&amp;focuspoint=50%2C25&amp;cropresize=1&amp;client_id=bpeditorial&amp;sign=d9852764964aa5405445d3f5b5bb3c157cb7da59a99ec87ac858ccede3955a01\" alt=\"Des pompiers interviennent sur le site d\u2019OVH, \u00e0 Strasbourg.\" \/><\/a><\/p>\n","protected":false},"excerpt":{"rendered":"","protected":false},"author":4,"featured_media":0,"comment_status":"closed","ping_status":"closed","sticky":false,"template":"","format":"standard","meta":{"_bbp_topic_count":0,"_bbp_reply_count":0,"_bbp_total_topic_count":0,"_bbp_total_reply_count":0,"_bbp_voice_count":0,"_bbp_anonymous_reply_count":0,"_bbp_topic_count_hidden":0,"_bbp_reply_count_hidden":0,"_bbp_forum_subforum_count":0},"categories":[14],"tags":[],"_links":{"self":[{"href":"https:\/\/larena77.fr\/index.php?rest_route=\/wp\/v2\/posts\/3809"}],"collection":[{"href":"https:\/\/larena77.fr\/index.php?rest_route=\/wp\/v2\/posts"}],"about":[{"href":"https:\/\/larena77.fr\/index.php?rest_route=\/wp\/v2\/types\/post"}],"author":[{"embeddable":true,"href":"https:\/\/larena77.fr\/index.php?rest_route=\/wp\/v2\/users\/4"}],"replies":[{"embeddable":true,"href":"https:\/\/larena77.fr\/index.php?rest_route=%2Fwp%2Fv2%2Fcomments&post=3809"}],"version-history":[{"count":1,"href":"https:\/\/larena77.fr\/index.php?rest_route=\/wp\/v2\/posts\/3809\/revisions"}],"predecessor-version":[{"id":3810,"href":"https:\/\/larena77.fr\/index.php?rest_route=\/wp\/v2\/posts\/3809\/revisions\/3810"}],"wp:attachment":[{"href":"https:\/\/larena77.fr\/index.php?rest_route=%2Fwp%2Fv2%2Fmedia&parent=3809"}],"wp:term":[{"taxonomy":"category","embeddable":true,"href":"https:\/\/larena77.fr\/index.php?rest_route=%2Fwp%2Fv2%2Fcategories&post=3809"},{"taxonomy":"post_tag","embeddable":true,"href":"https:\/\/larena77.fr\/index.php?rest_route=%2Fwp%2Fv2%2Ftags&post=3809"}],"curies":[{"name":"wp","href":"https:\/\/api.w.org\/{rel}","templated":true}]}}