{"id":3789,"date":"2021-02-18T18:34:43","date_gmt":"2021-02-18T18:34:43","guid":{"rendered":"http:\/\/larena77.fr\/?p=3789"},"modified":"2021-02-18T18:34:47","modified_gmt":"2021-02-18T18:34:47","slug":"belfort-toutes-les-archives-du-departement-et-de-la-ville-seront-stockees-dans-un-seul-batiment-aux-residences","status":"publish","type":"post","link":"https:\/\/larena77.fr\/?p=3789","title":{"rendered":"Belfort : Toutes les archives du d\u00e9partement et de la ville seront stock\u00e9es dans un seul b\u00e2timent, aux R\u00e9sidences"},"content":{"rendered":"\n<p><a href=\"https:\/\/www.estrepublicain.fr\/culture-loisirs\/2021\/01\/17\/toutes-les-archives-du-departement-et-de-la-ville-seront-stockees-dans-un-seul-batiment-aux-residences\" target=\"_blank\" rel=\"noopener noreferrer\"><img decoding=\"async\" src=\"https:\/\/cdn-s-www.estrepublicain.fr\/images\/ce17957e-ce19-49c7-9b97-f45ded9f6927\/NW_listE\/les-archives-departementales-disposent-aujourd-hui-d-un-stock-de-13-kilometres-lineaires-de-documents-photo-er-christine-dumas-1610896135.jpg\" alt=\"Les Archives d\u00e9partementales disposent aujourd\u2019hui d\u2019un stock de 13 kilom\u00e8tres lin\u00e9aires de documents.\u00a0 Photo ER \/Christine DUMAS\" \/><\/a><\/p>\n","protected":false},"excerpt":{"rendered":"","protected":false},"author":4,"featured_media":0,"comment_status":"closed","ping_status":"closed","sticky":false,"template":"","format":"standard","meta":{"_bbp_topic_count":0,"_bbp_reply_count":0,"_bbp_total_topic_count":0,"_bbp_total_reply_count":0,"_bbp_voice_count":0,"_bbp_anonymous_reply_count":0,"_bbp_topic_count_hidden":0,"_bbp_reply_count_hidden":0,"_bbp_forum_subforum_count":0},"categories":[14,17],"tags":[],"_links":{"self":[{"href":"https:\/\/larena77.fr\/index.php?rest_route=\/wp\/v2\/posts\/3789"}],"collection":[{"href":"https:\/\/larena77.fr\/index.php?rest_route=\/wp\/v2\/posts"}],"about":[{"href":"https:\/\/larena77.fr\/index.php?rest_route=\/wp\/v2\/types\/post"}],"author":[{"embeddable":true,"href":"https:\/\/larena77.fr\/index.php?rest_route=\/wp\/v2\/users\/4"}],"replies":[{"embeddable":true,"href":"https:\/\/larena77.fr\/index.php?rest_route=%2Fwp%2Fv2%2Fcomments&post=3789"}],"version-history":[{"count":2,"href":"https:\/\/larena77.fr\/index.php?rest_route=\/wp\/v2\/posts\/3789\/revisions"}],"predecessor-version":[{"id":3791,"href":"https:\/\/larena77.fr\/index.php?rest_route=\/wp\/v2\/posts\/3789\/revisions\/3791"}],"wp:attachment":[{"href":"https:\/\/larena77.fr\/index.php?rest_route=%2Fwp%2Fv2%2Fmedia&parent=3789"}],"wp:term":[{"taxonomy":"category","embeddable":true,"href":"https:\/\/larena77.fr\/index.php?rest_route=%2Fwp%2Fv2%2Fcategories&post=3789"},{"taxonomy":"post_tag","embeddable":true,"href":"https:\/\/larena77.fr\/index.php?rest_route=%2Fwp%2Fv2%2Ftags&post=3789"}],"curies":[{"name":"wp","href":"https:\/\/api.w.org\/{rel}","templated":true}]}}